{"id":28,"date":"2017-11-19T16:14:08","date_gmt":"2017-11-19T16:14:08","guid":{"rendered":"http:\/\/hoereninalbanien.de\/?p=28"},"modified":"2018-11-22T15:47:26","modified_gmt":"2018-11-22T15:47:26","slug":"zweiter-einsatz-sept-2017","status":"publish","type":"post","link":"http:\/\/hoereninalbanien.de\/?p=28","title":{"rendered":"Zweiter Einsatz, Sept. 2017"},"content":{"rendered":"<p>Mit gro\u00dfer Vorfreude ging es am Mittwoch, 06.09. mit dem Flugzeug \u00fcber Wien nach Tirana. Dieses Mal mit \u201ekleinem\u201c Gep\u00e4ck, da Batterien, Reinigungsmaterial und Trockenmaterial noch ausreichend vorhanden war.<\/p>\n<p>Im Vorfeld hat Schwester Caridad wieder jede Menge H\u00f6rtests durchgef\u00fchrt und uns per Mail geschickt. Die Abformungen haben wir dieses Mal per Post aus Albanien erhalten und wir haben wieder ein Labor gefunden, welche uns diese wieder als Sachspende gefertigt hat (an dieser Stelle, herzlichen Dank an das Labor M\u00fcssle aus Pforzheim).<br \/>\nDie Auswahl der H\u00f6rger\u00e4te habe ich auf Grund der H\u00f6rtests getroffen und einige als Reserve f\u00fcr alle F\u00e4lle mitgenommen. Dieses Mal konnten wir keine Hersteller f\u00fcr uns gewinnen und mussten auf den Fundus an Ger\u00e4ten zur\u00fcck greifen, welcher sich aus Altger\u00e4ten angesammelt hat (Spenden von Kollegen und Kunden). Alle Ger\u00e4te wurden vor dem Einsatz technisch \u00fcberpr\u00fcft und instand gesetzt (Danke an den H\u00f6rmittelhilfsdienst aus Dortmund).<\/p>\n<p>Nachdem die Schwestern mich nachmittags am Flughafen abgeholt haben und ich mein Zimmer bezogen habe, haben Schwester Caridad und ich den geplanten Ablauf der n\u00e4chsten Tage besprochen. Es waren 7 Kontrollen der Anpassungen aus April geplant und 13 Neuanpassungen. Da ich erst Montagnachmittag weiter ziehen wollte, hatten wir sogar mehr Zeit als Schwester Caridad geplant hat. Sofort hat sie sich ans Telefon gest\u00fcrzt und weitere Patienten von der Warteliste f\u00fcr einen H\u00f6rtest eingeladen. Somit kamen insgesamt noch 12 H\u00f6rtests dazu.<\/p>\n<p>Anfangs war ich nicht so begeistert dar\u00fcber auch H\u00f6rtests und Abformungen zu machen, da das ja auch ohne meine Unterst\u00fctzung bisher gut geklappt hat. Aber es hat sich doch als durchaus sinnvoll ergeben, da ich sofort mit den Betroffenen \u00fcber Erwartungen an die H\u00f6rsysteme, Gew\u00f6hnung und Sinn oder Unsinn einer Versorgung diskutieren konnte. Ich glaube, dass dies die Arbeit im n\u00e4chsten Einsatz erleichtern wird.<br \/>\nEin gro\u00dfes Problem bei den Anpassungen in Albanien ist die Erwartung an die H\u00f6rger\u00e4te. Viele Menschen denken, dass es wie bei einer Brille ist, H\u00f6rger\u00e4t ans Ohr und der Betroffene h\u00f6rt wieder wunderbar. Da viele Versorgungen erst nach vielen, vielen Jahren der fortschreitenden H\u00f6rminderung statt findet, ist das Gehirn anfangs mit der neuen Flut an Informationen \u00fcberfordert. Auf diesen Gew\u00f6hnungsprozess muss der Patient gut vorbereitet werden. Au\u00dferdem erlebe ich es immer wieder, dass die Menschen leider erst zum H\u00f6rtest kommen, wenn das Geh\u00f6r so schlecht ist, dass eine Versorgung keinen Sinn mehr macht.<br \/>\nIn den Mittagspausen oder zwischen den Terminen wurde das sch\u00f6ne Wetter genossen oder den Schwestern bei den Vorbereitungen von Hochzeitsgeschenken geholfen. Als Dank daf\u00fcr haben die Schwestern mich mit auf die Trauung des Brautpaares genommen und mit mir einen Ausflug zum gr\u00f6\u00dften w\u00f6chentlichen Viehmarkt im Umkreis gemacht.<\/p>\n<p>Am Montag Abend ging es dann mit dem Mietwagen Richtung Shkodra, da wir am Dienstag einen Termin in Puka hatten. Die \u00dcberlegung eine zweite Station einzurichten ist schon l\u00e4nger im Hinterkopf, aber bisher haben sich noch keine M\u00f6glichkeiten ergeben. Im Krankenhaus Puka h\u00e4tten wir diese M\u00f6glichkeit, wir haben aber erstmal Abstand genommen, da wir glauben, dass eine Station erstmal ausreicht. Sollten sich noch mehr Akustiker finden, die unser Projekt nicht nur mit H\u00f6rsystemen, sondern auch im Einsatz vor Ort unterst\u00fctzen, dann wird das Projekt in Puka ganz sicher in Angriff genommen werden.<\/p>\n<p>Der n\u00e4chste Einsatz ist f\u00fcr das Fr\u00fchjahr geplant, wenn wieder ausreichend H\u00f6rsysteme vorhanden sind. Momentan sind wieder 14 Patienten auf der Warteliste f\u00fcr H\u00f6rger\u00e4te.<\/p>\n<p><img decoding=\"async\" loading=\"lazy\" class=\"alignnone size-medium wp-image-22\" src=\"http:\/\/hoereninalbanien.de\/wp-content\/uploads\/2017\/11\/IMG_1122-e1511107943351-225x300.jpg\" alt=\"\" width=\"225\" height=\"300\" srcset=\"http:\/\/hoereninalbanien.de\/wp-content\/uploads\/2017\/11\/IMG_1122-e1511107943351-225x300.jpg 225w, http:\/\/hoereninalbanien.de\/wp-content\/uploads\/2017\/11\/IMG_1122-e1511107943351-768x1024.jpg 768w, http:\/\/hoereninalbanien.de\/wp-content\/uploads\/2017\/11\/IMG_1122-e1511107943351-624x832.jpg 624w\" sizes=\"(max-width: 225px) 100vw, 225px\" \/> <img decoding=\"async\" loading=\"lazy\" class=\"alignnone size-medium wp-image-20\" src=\"http:\/\/hoereninalbanien.de\/wp-content\/uploads\/2017\/11\/IMG_0287-300x225.jpg\" alt=\"\" width=\"300\" height=\"225\" srcset=\"http:\/\/hoereninalbanien.de\/wp-content\/uploads\/2017\/11\/IMG_0287-300x225.jpg 300w, http:\/\/hoereninalbanien.de\/wp-content\/uploads\/2017\/11\/IMG_0287-768x576.jpg 768w, http:\/\/hoereninalbanien.de\/wp-content\/uploads\/2017\/11\/IMG_0287-1024x768.jpg 1024w, http:\/\/hoereninalbanien.de\/wp-content\/uploads\/2017\/11\/IMG_0287-624x468.jpg 624w\" sizes=\"(max-width: 300px) 100vw, 300px\" \/> <img decoding=\"async\" loading=\"lazy\" class=\"alignnone size-medium wp-image-21\" src=\"http:\/\/hoereninalbanien.de\/wp-content\/uploads\/2017\/11\/IMG_1103-e1511107929778-300x225.jpg\" alt=\"\" width=\"300\" height=\"225\" srcset=\"http:\/\/hoereninalbanien.de\/wp-content\/uploads\/2017\/11\/IMG_1103-e1511107929778-300x225.jpg 300w, http:\/\/hoereninalbanien.de\/wp-content\/uploads\/2017\/11\/IMG_1103-e1511107929778-768x576.jpg 768w, http:\/\/hoereninalbanien.de\/wp-content\/uploads\/2017\/11\/IMG_1103-e1511107929778-1024x768.jpg 1024w, http:\/\/hoereninalbanien.de\/wp-content\/uploads\/2017\/11\/IMG_1103-e1511107929778-624x468.jpg 624w\" sizes=\"(max-width: 300px) 100vw, 300px\" \/> <img decoding=\"async\" loading=\"lazy\" class=\"alignnone size-medium wp-image-23\" src=\"http:\/\/hoereninalbanien.de\/wp-content\/uploads\/2017\/11\/IMG_0002-300x225.jpg\" alt=\"\" width=\"300\" height=\"225\" srcset=\"http:\/\/hoereninalbanien.de\/wp-content\/uploads\/2017\/11\/IMG_0002-300x225.jpg 300w, http:\/\/hoereninalbanien.de\/wp-content\/uploads\/2017\/11\/IMG_0002-768x576.jpg 768w, http:\/\/hoereninalbanien.de\/wp-content\/uploads\/2017\/11\/IMG_0002-1024x768.jpg 1024w, http:\/\/hoereninalbanien.de\/wp-content\/uploads\/2017\/11\/IMG_0002-624x468.jpg 624w\" sizes=\"(max-width: 300px) 100vw, 300px\" \/><\/p>\n","protected":false},"excerpt":{"rendered":"<p>Mit gro\u00dfer Vorfreude ging es am Mittwoch, 06.09. mit dem Flugzeug \u00fcber Wien nach Tirana. Dieses Mal mit \u201ekleinem\u201c Gep\u00e4ck, da Batterien, Reinigungsmaterial und Trockenmaterial noch ausreichend vorhanden war. Im Vorfeld hat Schwester Caridad wieder jede Menge H\u00f6rtests durchgef\u00fchrt und uns per Mail geschickt. Die Abformungen haben wir dieses Mal per Post aus Albanien erhalten&hellip; <br \/> <a class=\"read-more\" href=\"http:\/\/hoereninalbanien.de\/?p=28\">Weiterlesen<\/a><\/p>\n","protected":false},"author":1,"featured_media":24,"comment_status":"open","ping_status":"open","sticky":false,"template":"","format":"standard","meta":[],"categories":[5],"tags":[],"_links":{"self":[{"href":"http:\/\/hoereninalbanien.de\/index.php?rest_route=\/wp\/v2\/posts\/28"}],"collection":[{"href":"http:\/\/hoereninalbanien.de\/index.php?rest_route=\/wp\/v2\/posts"}],"about":[{"href":"http:\/\/hoereninalbanien.de\/index.php?rest_route=\/wp\/v2\/types\/post"}],"author":[{"embeddable":true,"href":"http:\/\/hoereninalbanien.de\/index.php?rest_route=\/wp\/v2\/users\/1"}],"replies":[{"embeddable":true,"href":"http:\/\/hoereninalbanien.de\/index.php?rest_route=%2Fwp%2Fv2%2Fcomments&post=28"}],"version-history":[{"count":1,"href":"http:\/\/hoereninalbanien.de\/index.php?rest_route=\/wp\/v2\/posts\/28\/revisions"}],"predecessor-version":[{"id":29,"href":"http:\/\/hoereninalbanien.de\/index.php?rest_route=\/wp\/v2\/posts\/28\/revisions\/29"}],"wp:featuredmedia":[{"embeddable":true,"href":"http:\/\/hoereninalbanien.de\/index.php?rest_route=\/wp\/v2\/media\/24"}],"wp:attachment":[{"href":"http:\/\/hoereninalbanien.de\/index.php?rest_route=%2Fwp%2Fv2%2Fmedia&parent=28"}],"wp:term":[{"taxonomy":"category","embeddable":true,"href":"http:\/\/hoereninalbanien.de\/index.php?rest_route=%2Fwp%2Fv2%2Fcategories&post=28"},{"taxonomy":"post_tag","embeddable":true,"href":"http:\/\/hoereninalbanien.de\/index.php?rest_route=%2Fwp%2Fv2%2Ftags&post=28"}],"curies":[{"name":"wp","href":"https:\/\/api.w.org\/{rel}","templated":true}]}}